{"id":12857,"date":"2023-07-28T21:07:06","date_gmt":"2023-07-29T02:07:06","guid":{"rendered":"http:\/\/elportalsemanario.com\/?p=12857"},"modified":"2023-07-28T21:07:06","modified_gmt":"2023-07-29T02:07:06","slug":"piedad-cordoba-no-cumplio-cita-en-la-corte-para-hablar-de-la-farcpolitica","status":"publish","type":"post","link":"https:\/\/elportalsemanario.com\/?p=12857","title":{"rendered":"Piedad Cordoba, no cumplio cita en la corte para hablar de la \u00abFarcpolitica\u00bb"},"content":{"rendered":"<section class=\"article-body-left\">La congresista\u00a0<a title=\"Piedad C\u00f3rdoba, citada por Corte Suprema por Farcpol\u00edtica y origen de sus bienes\" href=\"https:\/\/www.pulzo.com\/nacion\/piedad-cordoba-citada-corte-suprema-farcpolitica-origen-sus-bienes-PP2915176A\" target=\"_blank\" rel=\"noopener\">ten\u00eda cita una cita este 28 de julio en la Corte<\/a>; sin embargo,\u00a0<strong>no se present\u00f3 y prefiri\u00f3 no entregar su versi\u00f3n libre sobre el caso de la \u2018farcpol\u00edtica<\/strong>\u2019, el cual busca establecer qu\u00e9 tan estrecha fue su relaci\u00f3n con la extinta organizaci\u00f3n guerrillera.<\/p>\n<p>Por el momento, se desconoce el motivo de la ausencia de\u00a0<a title=\"piedad c\u00f3rdoba: informaci\u00f3n y noticias de piedad c\u00f3rdoba | Pulzo\" href=\"https:\/\/www.pulzo.com\/noticias\/piedad-cordoba\" target=\"_blank\" rel=\"noopener\">Piedad C\u00f3rdoba<\/a>, ya que\u00a0<strong>no alleg\u00f3 ning\u00fan tipo de excusa m\u00e9dica<\/strong> o solicitud de reprogramaci\u00f3n de la diligencia judicial, explic\u00f3 Semana.<\/p>\n<p>Se trataba de una diligencia que se iba a llevar a cabo ante el despacho de la magistrada Cristina Lombana, a quien la defensa de la congresista pidi\u00f3 revocar su elecci\u00f3n como integrante del alto tribunal, l<b>a cual fue negada el jueves por la Sala Plena de la Corte.<\/b><\/p>\n<div id=\"contentTPIBody\" class=\"contentTPIBody\">\n<section id=\"container-tpibody\" class=\"sectionTPIBody\">\n<article id=\"articulo\" class=\"articleTPIBody\">\n<header>La senadora del <a title=\"pacto hist\u00f3rico: informaci\u00f3n y noticias de pacto hist\u00f3rico | Pulzo\" href=\"https:\/\/www.pulzo.com\/noticias\/pacto-historico\" target=\"_blank\" rel=\"noopener\">Pacto Hist\u00f3rico<\/a>\u00a0tiene en curso una investigaci\u00f3n preliminar debido a un expediente que recopila un total de 14 denuncias en su contra, las cuales dejar\u00edan en evidencia sus presuntos v\u00ednculos con la antigua guerrilla de las Farc.<\/header>\n<\/article>\n<\/section>\n<\/div>\n<p>En t\u00e9rminos generales, las denuncias apuntan a que C\u00f3rdoba habr\u00eda iniciado acercamientos con las Farc desde 1998, cuando era congresista. Se asegura que\u00a0<strong>ten\u00eda cercan\u00eda con integrantes del grupo guerrillero y que frecuentaba los campamentos<\/strong>\u00a0sin contar con autorizaci\u00f3n oficial.<\/p>\n<p>Las acusaciones sugieren que la congresista habr\u00eda desempe\u00f1ado roles significativos dentro de la organizaci\u00f3n,\u00a0<a title=\"\u00cdngrid Betancourt no quiere &quot;ni ver&quot; a Piedad C\u00f3rdoba por caso de su secuestro\" href=\"https:\/\/www.pulzo.com\/nacion\/ingrid-betancourt-no-quiere-ni-ver-piedad-cordoba-por-caso-su-secuestro-PP1201538\" target=\"_blank\" rel=\"noopener\">actuando como asesora, estratega pol\u00edtica e incluso vocera a nivel nacional e internacional.<\/a><\/p>\n<p>No obstante, es importante destacar que algunas denuncias tienen en cuenta que\u00a0<strong>C\u00f3rdoba fue autorizada por el entonces presidente \u00c1lvaro Uribe para mediar en la liberaci\u00f3n de personas secuestradas<\/strong>, trabajando junto al entonces presidente de Venezuela,\u00a0<a title=\"hugo ch\u00e1vez: informaci\u00f3n y noticias de hugo ch\u00e1vez | Pulzo\" href=\"https:\/\/www.pulzo.com\/noticias\/hugo-chavez\" target=\"_blank\" rel=\"noopener\">Hugo Ch\u00e1vez<\/a>, durante los meses de agosto y noviembre de 2015.<\/p>\n<div id=\"SliderAd\"><\/div>\n<\/section>\n<section class=\"article-body-right\">\n<div id=\"Article_Desktop_Skycraper_1\" class=\"col-xs-12 tempSticky-80\" data-google-query-id=\"CLyn7qLosoADFTfglAkdT24GSA\">\n<div id=\"google_ads_iframe_\/11420885\/DE_DIS_Nacion_Articulo_Skyscraper_0__container__\" style=\"text-align: right;\"><span style=\"font-size: 9px; color: #ff0000;\">TOMADO DEL PULZO.COM<\/span><\/div>\n<\/div>\n<\/section>\n","protected":false},"excerpt":{"rendered":"<p>La congresista\u00a0ten\u00eda cita una cita este 28 de julio en la Corte; sin embargo,\u00a0no se present\u00f3 y prefiri\u00f3 no entregar su versi\u00f3n libre sobre el caso de la \u2018farcpol\u00edtica\u2019, el cual busca establecer qu\u00e9 tan estrecha fue su relaci\u00f3n con la extinta organizaci\u00f3n guerrillera. Por el momento, se desconoce el motivo de la ausencia de\u00a0Piedad&#8230;<\/p>\n","protected":false},"author":4,"featured_media":12858,"comment_status":"closed","ping_status":"closed","sticky":false,"template":"","format":"standard","meta":{"_monsterinsights_skip_tracking":false,"_monsterinsights_sitenote_active":false,"_monsterinsights_sitenote_note":"","_monsterinsights_sitenote_category":0,"footnotes":""},"categories":[2580,4474,4429],"tags":[],"_links":{"self":[{"href":"https:\/\/elportalsemanario.com\/index.php?rest_route=\/wp\/v2\/posts\/12857"}],"collection":[{"href":"https:\/\/elportalsemanario.com\/index.php?rest_route=\/wp\/v2\/posts"}],"about":[{"href":"https:\/\/elportalsemanario.com\/index.php?rest_route=\/wp\/v2\/types\/post"}],"author":[{"embeddable":true,"href":"https:\/\/elportalsemanario.com\/index.php?rest_route=\/wp\/v2\/users\/4"}],"replies":[{"embeddable":true,"href":"https:\/\/elportalsemanario.com\/index.php?rest_route=%2Fwp%2Fv2%2Fcomments&post=12857"}],"version-history":[{"count":0,"href":"https:\/\/elportalsemanario.com\/index.php?rest_route=\/wp\/v2\/posts\/12857\/revisions"}],"wp:featuredmedia":[{"embeddable":true,"href":"https:\/\/elportalsemanario.com\/index.php?rest_route=\/wp\/v2\/media\/12858"}],"wp:attachment":[{"href":"https:\/\/elportalsemanario.com\/index.php?rest_route=%2Fwp%2Fv2%2Fmedia&parent=12857"}],"wp:term":[{"taxonomy":"category","embeddable":true,"href":"https:\/\/elportalsemanario.com\/index.php?rest_route=%2Fwp%2Fv2%2Fcategories&post=12857"},{"taxonomy":"post_tag","embeddable":true,"href":"https:\/\/elportalsemanario.com\/index.php?rest_route=%2Fwp%2Fv2%2Ftags&post=12857"}],"curies":[{"name":"wp","href":"https:\/\/api.w.org\/{rel}","templated":true}]}}