{"id":13257,"date":"2024-01-29T18:27:41","date_gmt":"2024-01-29T23:27:41","guid":{"rendered":"http:\/\/elportalsemanario.com\/?p=13257"},"modified":"2024-01-29T18:27:41","modified_gmt":"2024-01-29T23:27:41","slug":"el-equipo-movistar-anuncio-a-nairo-quintana-como-su-lider-en-el-tour-colombia-2-1","status":"publish","type":"post","link":"https:\/\/elportalsemanario.com\/?p=13257","title":{"rendered":"El equipo Movistar anunci\u00f3 a Nairo Quintana como su l\u00edder en el Tour Colombia 2.1"},"content":{"rendered":"<p>La organizaci\u00f3n de la carrera ha informado hasta la fecha la participaci\u00f3n de Movistar, Astana, y el EF Education, formaciones que hacen parte del WorldTour.<\/p>\n<p>El campe\u00f3n del Giro de Italia 2014 y de la Vuelta a Espa\u00f1a 2016, Nairo Quintana, ser\u00e1 el jefe de filas del Movistar en el Tour Colombia 2.1, que partir\u00e1 desde Paipa el pr\u00f3ximo 6 de febrero. Junto al boyacense estar\u00e1n los tambi\u00e9n Iv\u00e1n Ramiro Sosa, doble campe\u00f3n de la Vuelta a Burgos y del Tour de Langkawi, al igual que el velocista Fernando Gaviria, ganador de etapas en el Giro de Italia y el Tour de Francia.<\/p>\n<p>Acompa\u00f1ar\u00e1n tambi\u00e9n los espa\u00f1oles Sergio Samitier, rey de la monta\u00f1a en el Tour de los Alpes, y Albert Torres, corredor que ha participado en tres ediciones del Giro de Italia y en una del Tour de Francia. El sexto corredor ser\u00e1 el brasile\u00f1o Vinicius Rangel, campe\u00f3n de la Vuelta a Cantabria y de la Vuelta a Salamanca, del calendario\u00a0<i>amateur<\/i> espa\u00f1ol.<\/p>\n<div class=\"Ads-BabelContainer \">\n<div id=\"2a7d8b0c-dc7a-47eb-b396-3ace7a0e7c4c\" class=\"pbs\" data-pbs-root=\"true\" data-pbs-position=\"sticky\" data-pbs-device=\"desktop\" data-pbs-video-title=\"true\" data-pbs-pagination=\"true\" data-pbs-sticky=\"top-left\" data-pbs-size=\"small-tiny\" data-pbs-logo-pos=\"right\" data-pbs-content=\"playing\" data-pbs-player=\"content\" data-pbs-slot=\"ended\" data-pbs-content-type=\"mrss\" data-pbs-hover=\"true\">\n<div class=\"exp-ui__static\"><\/div>\n<\/div>\n<\/div>\n<div class=\"\" data-oembed-type=\"twitter\">\n<div class=\"twitter-tweet twitter-tweet-rendered\"><iframe id=\"twitter-widget-0\" class=\"\" title=\"X Post\" src=\"https:\/\/platform.twitter.com\/embed\/Tweet.html?creatorScreenName=elespectador&amp;dnt=false&amp;embedId=twitter-widget-0&amp;features=eyJ0ZndfdGltZWxpbmVfbGlzdCI6eyJidWNrZXQiOltdLCJ2ZXJzaW9uIjpudWxsfSwidGZ3X2ZvbGxvd2VyX2NvdW50X3N1bnNldCI6eyJidWNrZXQiOnRydWUsInZlcnNpb24iOm51bGx9LCJ0ZndfdHdlZXRfZWRpdF9iYWNrZW5kIjp7ImJ1Y2tldCI6Im9uIiwidmVyc2lvbiI6bnVsbH0sInRmd19yZWZzcmNfc2Vzc2lvbiI6eyJidWNrZXQiOiJvbiIsInZlcnNpb24iOm51bGx9LCJ0ZndfZm9zbnJfc29mdF9pbnRlcnZlbnRpb25zX2VuYWJsZWQiOnsiYnVja2V0Ijoib24iLCJ2ZXJzaW9uIjpudWxsfSwidGZ3X21peGVkX21lZGlhXzE1ODk3Ijp7ImJ1Y2tldCI6InRyZWF0bWVudCIsInZlcnNpb24iOm51bGx9LCJ0ZndfZXhwZXJpbWVudHNfY29va2llX2V4cGlyYXRpb24iOnsiYnVja2V0IjoxMjA5NjAwLCJ2ZXJzaW9uIjpudWxsfSwidGZ3X3Nob3dfYmlyZHdhdGNoX3Bpdm90c19lbmFibGVkIjp7ImJ1Y2tldCI6Im9uIiwidmVyc2lvbiI6bnVsbH0sInRmd19kdXBsaWNhdGVfc2NyaWJlc190b19zZXR0aW5ncyI6eyJidWNrZXQiOiJvbiIsInZlcnNpb24iOm51bGx9LCJ0ZndfdXNlX3Byb2ZpbGVfaW1hZ2Vfc2hhcGVfZW5hYmxlZCI6eyJidWNrZXQiOiJvbiIsInZlcnNpb24iOm51bGx9LCJ0ZndfdmlkZW9faGxzX2R5bmFtaWNfbWFuaWZlc3RzXzE1MDgyIjp7ImJ1Y2tldCI6InRydWVfYml0cmF0ZSIsInZlcnNpb24iOm51bGx9LCJ0ZndfbGVnYWN5X3RpbWVsaW5lX3N1bnNldCI6eyJidWNrZXQiOnRydWUsInZlcnNpb24iOm51bGx9LCJ0ZndfdHdlZXRfZWRpdF9mcm9udGVuZCI6eyJidWNrZXQiOiJvbiIsInZlcnNpb24iOm51bGx9fQ%3D%3D&amp;frame=false&amp;hideCard=false&amp;hideThread=false&amp;id=1752053512207253539&amp;lang=es&amp;origin=https%3A%2F%2Fwww.elespectador.com%2Fdeportes%2Fciclismo%2Fel-equipo-movistar-anuncio-a-nairo-quintana-como-su-lider-en-el-tour-colombia-21-noticias-hoy%2F&amp;sessionId=82bbadc1e65a3eea26b00fda55c6b4119611d4e5&amp;siteScreenName=elespectador&amp;theme=light&amp;widgetsVersion=2615f7e52b7e0%3A1702314776716&amp;width=550px\" frameborder=\"0\" scrolling=\"no\" allowfullscreen=\"allowfullscreen\" data-tweet-id=\"1752053512207253539\" data-mce-fragment=\"1\"><\/iframe><\/div>\n<\/div>\n<div class=\"sunmedia-1\">\n<div id=\"sm-it-main-container-1706570006718\" class=\"sm-it-main-container\" data-it=\"32208033-ab22-486b-9ff6-15c42645c7ee\" data-device=\"desktop\" data-index=\"0\">\n<div id=\"sm-alternative-1706570006718\" class=\"sm-alternative\" data-it=\"32208033-ab22-486b-9ff6-15c42645c7ee\" data-index=\"0\" data-device=\"desktop\"><\/div>\n<\/div>\n<\/div>\n<p class=\"font--secondary\">La cuarta edici\u00f3n del Tour Colombia 2.1, que tendr\u00e1 un recorrido de 911,6 kil\u00f3metros, contar\u00e1 con 25 equipos de ciclismo que a partir del 6 de febrero disputar\u00e1n en carreteras del centro del pa\u00eds el t\u00edtulo que gan\u00f3 en 2020, en la \u00faltima edici\u00f3n, Sergio Higuita, actualmente en el Bora-Hansgrohe.<\/p>\n<p class=\"font--secondary\">La organizaci\u00f3n de la carrera ha informado hasta la fecha la participaci\u00f3n de Movistar, Astana, y el EF Education, formaciones que hacen parte del WorldTour. De la categor\u00eda Pro Team estar\u00e1n Bingoal WB de B\u00e9lgica y el Corratec de Italia. A ellos se sumar\u00e1n 16 formaciones continentales y las selecciones nacionales de Colombia, Venezuela, Ecuador y Estonia.<\/p>\n<p class=\"font--secondary\">La gran estrella de este a\u00f1o ser\u00e1 el brit\u00e1nico Mark Cavendish, que liderar\u00e1 al Astana Qazaqstan y que a sus 38 a\u00f1os tiene un palmar\u00e9s de lujo en el que sobresalen 34 triunfos de etapa en el Tour de Francia, 17 del Giro de Italia y tres de la Vuelta a Espa\u00f1a.<\/p>\n<div class=\"ImageArticle-Container     \">\n<div class=\"ImageArticle-ImageFrame\"><picture><source class=\"ImageArticle-Image\" srcset=\"https:\/\/www.elespectador.com\/resizer\/eV_RwllVBOC10jUBeYVZEp3H6A4=\/393x261\/filters:quality(60):format(jpeg)\/cloudfront-us-east-1.images.arcpublishing.com\/elespectador\/AVQARI6E54IU4M4YTVBK6Z2KEY.jpg\" media=\"(max-width:425px)\" \/><source class=\"ImageArticle-Image\" srcset=\"https:\/\/www.elespectador.com\/resizer\/3EoAVHmhh4EwsHfuPfy9Hyn9h2A=\/568x378\/filters:quality(60):format(jpeg)\/cloudfront-us-east-1.images.arcpublishing.com\/elespectador\/AVQARI6E54IU4M4YTVBK6Z2KEY.jpg\" media=\"(max-width:600px)\" \/><source class=\"ImageArticle-Image\" srcset=\"https:\/\/www.elespectador.com\/resizer\/OI5Tf-gzckQUP1RK7piifpNJV0A=\/968x645\/filters:quality(60):format(jpeg)\/cloudfront-us-east-1.images.arcpublishing.com\/elespectador\/AVQARI6E54IU4M4YTVBK6Z2KEY.jpg\" media=\"(max-width:1199px)\" \/><source class=\"ImageArticle-Image\" srcset=\"https:\/\/www.elespectador.com\/resizer\/fGofmETrDSCP-7UUNblGCICCUn0=\/920x613\/filters:quality(60):format(jpeg)\/cloudfront-us-east-1.images.arcpublishing.com\/elespectador\/AVQARI6E54IU4M4YTVBK6Z2KEY.jpg\" media=\"(min-width:1200px)\" \/><img loading=\"lazy\" decoding=\"async\" class=\"ImageArticle-Image\" src=\"https:\/\/www.elespectador.com\/resizer\/fGofmETrDSCP-7UUNblGCICCUn0=\/920x613\/filters:quality(60):format(jpeg)\/cloudfront-us-east-1.images.arcpublishing.com\/elespectador\/AVQARI6E54IU4M4YTVBK6Z2KEY.jpg\" alt=\"Mark Cavendish, del equipo Astana Qazaqstan, corri\u00f3 el Tour de Francia 2023.\" width=\"5286\" height=\"3785\" \/><\/picture><\/div>\n<div class=\"ImageArticle-ContainerText\">\n<div class=\"ImageArticle-Description\">Mark Cavendish, del equipo Astana Qazaqstan, corri\u00f3 el Tour de Francia 2023.<\/div>\n<div class=\"ImageArticle-Author\">Foto: EFE &#8211; CHRISTOPHE PETIT TESSON<\/div>\n<\/div>\n<\/div>\n<p class=\"font--secondary\">La selecci\u00f3n colombiana estar\u00e1 liderada por Egan Bernal, del Ineos, campe\u00f3n del Tour de Francia en 2019 y del Giro de Italia en 2021. El equipo estadounidense EF Education, estar\u00e1 encabezado por el ecuatoriano Richard Carapaz, campe\u00f3n ol\u00edmpico de la ruta en Tokio 2020 y del Giro de Italia en 2019, y subcampe\u00f3n del Giro en 2022 y de la Vuelta a Espa\u00f1a en 2020.<\/p>\n<p class=\"font--secondary\">La carrera terminar\u00e1 el 11 de febrero frente al Museo Nacional de Colombia, en Bogot\u00e1, luego de recorrer en la \u00faltima etapa 160 kil\u00f3metros entre la localidad de Sop\u00f3 y la capital colombiana.<\/p>\n","protected":false},"excerpt":{"rendered":"<p>La organizaci\u00f3n de la carrera ha informado hasta la fecha la participaci\u00f3n de Movistar, Astana, y el EF Education, formaciones que hacen parte del WorldTour. El campe\u00f3n del Giro de Italia 2014 y de la Vuelta a Espa\u00f1a 2016, Nairo Quintana, ser\u00e1 el jefe de filas del Movistar en el Tour Colombia 2.1, que partir\u00e1&#8230;<\/p>\n","protected":false},"author":4,"featured_media":13255,"comment_status":"closed","ping_status":"closed","sticky":false,"template":"","format":"standard","meta":{"_monsterinsights_skip_tracking":false,"_monsterinsights_sitenote_active":false,"_monsterinsights_sitenote_note":"","_monsterinsights_sitenote_category":0,"footnotes":""},"categories":[7],"tags":[],"_links":{"self":[{"href":"https:\/\/elportalsemanario.com\/index.php?rest_route=\/wp\/v2\/posts\/13257"}],"collection":[{"href":"https:\/\/elportalsemanario.com\/index.php?rest_route=\/wp\/v2\/posts"}],"about":[{"href":"https:\/\/elportalsemanario.com\/index.php?rest_route=\/wp\/v2\/types\/post"}],"author":[{"embeddable":true,"href":"https:\/\/elportalsemanario.com\/index.php?rest_route=\/wp\/v2\/users\/4"}],"replies":[{"embeddable":true,"href":"https:\/\/elportalsemanario.com\/index.php?rest_route=%2Fwp%2Fv2%2Fcomments&post=13257"}],"version-history":[{"count":0,"href":"https:\/\/elportalsemanario.com\/index.php?rest_route=\/wp\/v2\/posts\/13257\/revisions"}],"wp:featuredmedia":[{"embeddable":true,"href":"https:\/\/elportalsemanario.com\/index.php?rest_route=\/wp\/v2\/media\/13255"}],"wp:attachment":[{"href":"https:\/\/elportalsemanario.com\/index.php?rest_route=%2Fwp%2Fv2%2Fmedia&parent=13257"}],"wp:term":[{"taxonomy":"category","embeddable":true,"href":"https:\/\/elportalsemanario.com\/index.php?rest_route=%2Fwp%2Fv2%2Fcategories&post=13257"},{"taxonomy":"post_tag","embeddable":true,"href":"https:\/\/elportalsemanario.com\/index.php?rest_route=%2Fwp%2Fv2%2Ftags&post=13257"}],"curies":[{"name":"wp","href":"https:\/\/api.w.org\/{rel}","templated":true}]}}