{"id":13259,"date":"2024-02-01T21:40:46","date_gmt":"2024-02-02T02:40:46","guid":{"rendered":"http:\/\/elportalsemanario.com\/?p=13259"},"modified":"2024-02-01T21:40:46","modified_gmt":"2024-02-02T02:40:46","slug":"canciller-y-presidente-ponen-en-riesgo-la-estabilidad-institucional-viceprocurador","status":"publish","type":"post","link":"https:\/\/elportalsemanario.com\/?p=13259","title":{"rendered":"Canciller y Presidente ponen en riesgo &#8216;la estabilidad institucional&#8217;: viceprocurador"},"content":{"rendered":"<h2 class=\"article-epigraph \">El viceprocurador se refiri\u00f3 al no acatamiento de la suspensi\u00f3n del canciller \u00c1lvaro Leyva.<\/h2>\n<p id=\"p850828-m778-2-779\" class=\"contenido \"><b>El abierto desacato del Canciller y del Presidente de la Rep\u00fablica de la decisi\u00f3n de la Procuradur\u00eda General de la Naci\u00f3n atenta contra el Estado de Derecho, la Constituci\u00f3n y la ley<\/b>\u00ab, asegur\u00f3 G\u00f3mez.<\/p>\n<p>El viceprocurador a\u00f1adi\u00f3 que esta posici\u00f3n \u00ab<b>sienta un nefasto precedente que pone en riesgo la estabilidad institucional<\/b>\u00ab, puntualiz\u00f3.<\/p>\n<p>Hace unas horas trascendi\u00f3 que el ministro de Relaciones Exteriores\u00a0 contin\u00faa ejerciendo sus funciones,\u00a0 pese a la suspensi\u00f3n provisional por tres meses que orden\u00f3 la Procuradur\u00eda General el pasado 24 de enero.<br \/>\n\u200b<br \/>\nLeyva fue suspendido por el Ministerio P\u00fablico\u00a0<b>por presuntas irregularidades cometidas durante la licitaci\u00f3n para la expedici\u00f3n de pasaportes.<\/b><\/p>\n<div id=\"p850828-m784-3-785\" class=\"fotografia \">\n<div class=\"imagen-cuerpo-bk\">\n<figure id=\"m789-788-790\" class=\"foto-galeria-articulo \"><img decoding=\"async\" src=\"https:\/\/www.eltiempo.com\/files\/article_content_new\/uploads\/2023\/10\/05\/651eed23b607b.jpeg\" alt=\"Contrato pasaportes\" width=\"652px\" height=\"366px\" \/><\/figure>\n<\/div>\n<div class=\"figcaption-cuerpo-bk credito-image-bk\">\n<div class=\"titulo-foto-bk\"><\/div>\n<div class=\"credito-apertura-strong-bk credito-image-bk\">\n<p id=\"m802-2-803\" class=\"autor \">\n<\/div>\n<\/div>\n<\/div>\n<p>\u201cNuestra Constituci\u00f3n Pol\u00edtica establece un marco imperativo que rige la estructura del Estado y la designaci\u00f3n de sus autoridades y \u00f3rganos de control.\u00a0<b>Por lo tanto, estas, actuando en representaci\u00f3n de los ciudadanos, tienen el deber de cumplir y hacer cumplir la Carta Pol\u00edtica y las leyes, pues ese es el fundamento sobre el cual descansa el Estado de Derecho<\/b>\u201d, afirm\u00f3 el funcionario.<\/p>\n<p>El viceprocurador dijo que si esas mismas autoridades elegidas democr\u00e1ticamente desv\u00edan su conducta de esos principios, debilitan la Constituci\u00f3n, erosionan las bases de su legitimidad, entran en el \u00e1mbito de la arbitrariedad y en el deterioro del orden jur\u00eddico.<\/p>\n<p>\u201cLa Procuradur\u00eda General de la Naci\u00f3n<b>\u00a0ratifica que, como \u00f3rgano de control y representante de la sociedad, es la responsable de la defensa del ordenamiento jur\u00eddico y de su acatamiento por parte de todos los servidores p\u00fablicos<\/b>\u201d, reiter\u00f3 G\u00f3mez.<\/p>\n","protected":false},"excerpt":{"rendered":"<p>El viceprocurador se refiri\u00f3 al no acatamiento de la suspensi\u00f3n del canciller \u00c1lvaro Leyva. El abierto desacato del Canciller y del Presidente de la Rep\u00fablica de la decisi\u00f3n de la Procuradur\u00eda General de la Naci\u00f3n atenta contra el Estado de Derecho, la Constituci\u00f3n y la ley\u00ab, asegur\u00f3 G\u00f3mez. El viceprocurador a\u00f1adi\u00f3 que esta posici\u00f3n \u00absienta&#8230;<\/p>\n","protected":false},"author":4,"featured_media":13261,"comment_status":"closed","ping_status":"closed","sticky":false,"template":"","format":"standard","meta":{"_monsterinsights_skip_tracking":false,"_monsterinsights_sitenote_active":false,"_monsterinsights_sitenote_note":"","_monsterinsights_sitenote_category":0,"footnotes":""},"categories":[4482],"tags":[],"_links":{"self":[{"href":"https:\/\/elportalsemanario.com\/index.php?rest_route=\/wp\/v2\/posts\/13259"}],"collection":[{"href":"https:\/\/elportalsemanario.com\/index.php?rest_route=\/wp\/v2\/posts"}],"about":[{"href":"https:\/\/elportalsemanario.com\/index.php?rest_route=\/wp\/v2\/types\/post"}],"author":[{"embeddable":true,"href":"https:\/\/elportalsemanario.com\/index.php?rest_route=\/wp\/v2\/users\/4"}],"replies":[{"embeddable":true,"href":"https:\/\/elportalsemanario.com\/index.php?rest_route=%2Fwp%2Fv2%2Fcomments&post=13259"}],"version-history":[{"count":0,"href":"https:\/\/elportalsemanario.com\/index.php?rest_route=\/wp\/v2\/posts\/13259\/revisions"}],"wp:featuredmedia":[{"embeddable":true,"href":"https:\/\/elportalsemanario.com\/index.php?rest_route=\/wp\/v2\/media\/13261"}],"wp:attachment":[{"href":"https:\/\/elportalsemanario.com\/index.php?rest_route=%2Fwp%2Fv2%2Fmedia&parent=13259"}],"wp:term":[{"taxonomy":"category","embeddable":true,"href":"https:\/\/elportalsemanario.com\/index.php?rest_route=%2Fwp%2Fv2%2Fcategories&post=13259"},{"taxonomy":"post_tag","embeddable":true,"href":"https:\/\/elportalsemanario.com\/index.php?rest_route=%2Fwp%2Fv2%2Ftags&post=13259"}],"curies":[{"name":"wp","href":"https:\/\/api.w.org\/{rel}","templated":true}]}}