{"id":14276,"date":"2024-11-09T16:10:38","date_gmt":"2024-11-09T21:10:38","guid":{"rendered":"https:\/\/elportalsemanario.com\/?p=14276"},"modified":"2024-11-09T16:10:38","modified_gmt":"2024-11-09T21:10:38","slug":"exclusivo-cae-eslabon-clave-en-el-asesinato-del-auditor-hernan-franco-en-el-parque-de-la-93-coordino-toda-la-operacion-criminal","status":"publish","type":"post","link":"https:\/\/elportalsemanario.com\/?p=14276","title":{"rendered":"Exclusivo: cae eslab\u00f3n clave en el asesinato del auditor Hern\u00e1n Franco en el Parque de la 93. Coordin\u00f3 toda la operaci\u00f3n criminal"},"content":{"rendered":"<div class=\"mx-auto max-w-6xl px-2.5 lg:pt-8\">\n<div class=\"mx-auto max-w-[968px]\">\n<p class=\"mb-4 text-lg\">Las autoridades capturaron a Pablo Andr\u00e9s Pach\u00f3n, quien habr\u00eda sido el encargado de coordinar el crimen del auditor Hern\u00e1n Franco. Estuvo presente, de inc\u00f3gnito, en el Parque de la 93, el d\u00eda de los hechos.<\/p>\n<div class=\"mb-6 flex gap-4 text-current\">\n<div class=\"flex h-8 w-8 items-center justify-center rounded-full px-0.5 text-social-linkedin hover:bg-smoke-200 dark:text-white dark:hover:bg-transparent dark:hover:text-white\">El pa\u00eds qued\u00f3 sorprendido con el asesinato a sangre fr\u00eda del auditor Hern\u00e1n Franco, justo en el edificio donde funcionaba su oficina, en el Parque de la 93, uno de los sitios m\u00e1s exclusivos y vigilados de Bogot\u00e1. La escena, que gracias a las c\u00e1maras de seguridad se reconstruy\u00f3 segundo a segundo, no solo dej\u00f3 ver c\u00f3mo oper\u00f3 el escuadr\u00f3n de sicarios que lo asesin\u00f3. <b>En el lugar, tratando de pasar desapercibido, estaba el coordinador de los criminales a sueldo, quien en medio de la investigaci\u00f3n fue identificado y ahora se convierte en el eslab\u00f3n principal para desenredar el homicidio.<\/b><\/div>\n<div>SEMANA conoci\u00f3 que este hombre, a quien le segu\u00edan los pasos desde hace varios meses, fue capturado en las \u00faltimas horas por petici\u00f3n de la Fiscal\u00eda y las pruebas en su contra resultan contundentes. Adem\u00e1s, por su labor de coordinaci\u00f3n de los sicarios, ser\u00eda el guardi\u00e1n de los secretos de esta operaci\u00f3n criminal y, lo m\u00e1s importante, sabr\u00eda qui\u00e9n dio la orden de asesinar al prestigioso auditor.<\/div>\n<div>\n<div class=\"max-w-screen-md prose prose-lg mx-auto mb-5\">\n<p data-type=\"text\"><a href=\"https:\/\/www.semana.com\/nacion\/articulo\/condenaron-al-motociclista-que-participo-en-el-homicidio-del-auditor-hernan-franco-cuantos-anos-tendra-que-pagar-de-carcel\/202407\/\" target=\"_blank\" rel=\"noopener\">Se trata de Pablo Andr\u00e9s Pach\u00f3n, un hombre de 30 a\u00f1os, quien para las autoridades parec\u00eda un fantasma y por eso la dificultad para dar con su paradero. <\/a>No registra familiares cercanos, lugar de residencia ni profesi\u00f3n u ocupaci\u00f3n. Sin embargo, al parecer, s\u00ed era reconocido en el mundo del crimen y era ah\u00ed donde se resguardaba de la persecuci\u00f3n de las autoridades.<\/p>\n<\/div>\n<div id=\"Barra_Especial\" class=\"  flex items-center justify-center mb-4  text-center dm-gpt dm-gpt-15284309-359c-48c0-a4c3-bec83f6e48bb dm-gpt-Barra_Especial dm-gpt-320_100\" data-google-query-id=\"CO3EqKuR0IkDFWOPgwgdIEIStg\"><a href=\"http:\/\/elportalsemanario.com\/wp-content\/uploads\/2024\/11\/IMG_9187.jpeg\"><img loading=\"lazy\" decoding=\"async\" class=\"alignnone size-medium wp-image-14278\" src=\"http:\/\/elportalsemanario.com\/wp-content\/uploads\/2024\/11\/IMG_9187-300x194.jpeg\" alt=\"\" width=\"300\" height=\"194\" srcset=\"https:\/\/elportalsemanario.com\/wp-content\/uploads\/2024\/11\/IMG_9187-300x194.jpeg 300w, https:\/\/elportalsemanario.com\/wp-content\/uploads\/2024\/11\/IMG_9187-768x497.jpeg 768w, https:\/\/elportalsemanario.com\/wp-content\/uploads\/2024\/11\/IMG_9187.jpeg 828w\" sizes=\"(max-width: 300px) 100vw, 300px\" \/><\/a><\/div>\n<div class=\"-mx-5 mb-5 lg:mx-0\" data-type=\"image\">\n<div class=\"px-5 lg:px-0\">El asesinato del auditor Hern\u00e1n franco se registr\u00f3 en un edificio del Parque de la 93. | Foto: Suministrada a Semana A.P.I.<\/div>\n<\/div>\n<div class=\"max-w-screen-md prose prose-lg mx-auto mb-5\">\n<p data-type=\"text\">\u00bfPero c\u00f3mo lograron las autoridades llegar hasta este criminal que parec\u00eda indetectable? Las c\u00e1maras de seguridad del sector del Parque de la 93, de los establecimientos de comercio y del edificio donde quedaba ubicada la oficina de Franco fueron claves para reconstruir el rompecabezas y dar con Pach\u00f3n. Las mismas c\u00e1maras que registraron la muerte de Franco ubicaron a un hombre cuyos movimientos resultaron extra\u00f1os para las autoridades. Hab\u00eda llegado antes del crimen que se perpetr\u00f3 en la ma\u00f1ana del 21 de febrero de 2024.<\/p>\n<\/div>\n<p>En los registros se le ve\u00eda nervioso, ansioso y siguiendo el ataque criminal; desde la llegada del auditor a su oficina, su ingreso al parqueadero, cuando llegan los dos sicarios hasta la puerta, y luego, cuando emprenden la huida en medio del caos y el fuego cruzado que se present\u00f3 con escoltas que estaban en el Parque de la 93, todo lo supervis\u00f3 Pach\u00f3n.<\/p><\/div>\n<div><a href=\"http:\/\/elportalsemanario.com\/wp-content\/uploads\/2024\/11\/IMG_9188.jpeg\"><img loading=\"lazy\" decoding=\"async\" class=\"alignnone size-medium wp-image-14279\" src=\"http:\/\/elportalsemanario.com\/wp-content\/uploads\/2024\/11\/IMG_9188-280x300.jpeg\" alt=\"\" width=\"280\" height=\"300\" srcset=\"https:\/\/elportalsemanario.com\/wp-content\/uploads\/2024\/11\/IMG_9188-280x300.jpeg 280w, https:\/\/elportalsemanario.com\/wp-content\/uploads\/2024\/11\/IMG_9188.jpeg 398w\" sizes=\"(max-width: 280px) 100vw, 280px\" \/><\/a><\/p>\n<div class=\"max-w-screen-md prose prose-lg mx-auto mb-5\">\n<p data-type=\"text\">Al mismo tiempo que el sicario dispar\u00f3 su pistola 9 mil\u00edmetros contra el auditor y emprendi\u00f3 la accidentada huida, en la cual tuvo que enca\u00f1onar a un mensajero y salir del lugar porque la moto del sicario que lo acompa\u00f1aba no prendi\u00f3, en las c\u00e1maras se ve c\u00f3mo el nuevo e importante protagonista de este crimen tambi\u00e9n abandonaba afanosamente el parque.<\/p>\n<\/div>\n<div class=\"max-w-screen-md prose prose-lg mx-auto mb-5\">\n<p data-type=\"text\"><a href=\"https:\/\/www.semana.com\/nacion\/articulo\/jean-karlo-bermudez-sabia-que-iban-a-matar-a-hernan-franco-esta-es-la-acusacion-contra-el-motociclista\/202414\/\" target=\"_blank\" rel=\"noopener\">No solo quedaron en video sus movimientos en la 93, tambi\u00e9n su recorrido por la ciudad. Fue Pach\u00f3n, seg\u00fan la Fiscal\u00eda, quien recogi\u00f3 al sicario que mat\u00f3 a Franco, en la localidad de Suba, cuando huy\u00f3 enca\u00f1onando al mensajero.<\/a><\/p>\n<p data-type=\"text\">SEMANA tuvo acceso a la audiencia de imputaci\u00f3n de cargos contra Pach\u00f3n en la que se detalla el rol protag\u00f3nico de este hombre en el crimen. \u201cUsted, Pablo Andr\u00e9s, se moviliz\u00f3 hasta el lugar de los hechos junto con su compa\u00f1ero criminal, encargado de accionar el arma en contra de la v\u00edctima, y coordinaron en tiempo real toda la ejecuci\u00f3n del homicidio, momentos previos, durante y posteriores al mismo. Siendo \u2013aproximadamente\u2013 las 7 y 27 de la ma\u00f1ana de ese 21 de febrero del 2024, arrib\u00f3 la v\u00edctima a su lugar de trabajo, ubicado en la calle 93 B, n\u00famero 11 A 44, en donde segundos despu\u00e9s, en cumplimiento de ese plan criminal, su compa\u00f1ero de crimen se aproxim\u00f3 a Hern\u00e1n Roberto Franco Charri (sic), quien se encontraba hablando por celular y, de forma sorpresiva, lo abord\u00f3 por la espalda, desenfundando un arma de fuego y accion\u00e1ndola en contra de la humanidad\u201d.<br \/>\nEn la detallada descripci\u00f3n, la Fiscal cont\u00f3 c\u00f3mo Pach\u00f3n particip\u00f3 no solo en el crimen, sino en la huida: \u201cPosteriormente a este ataque, el sujeto que accion\u00f3 el arma emprendi\u00f3 la huida y usted, Pablo Andr\u00e9s Pach\u00f3n, abandon\u00f3 el lugar de los hechos para dirigirse al mismo punto de la localidad de Suba con la finalidad de sacar del lugar a su compa\u00f1ero criminal\u201d.<\/p>\n<div class=\"max-w-screen-md prose prose-lg mx-auto mb-5\">\n<p data-type=\"text\"><b>Lo que vino en la imputaci\u00f3n es muy delicado y da cuenta del conocimiento profundo del plan criminal y la articulaci\u00f3n del mismo por parte de Pach\u00f3n, quien incluso forma parte de los chats con los sicarios que perpetraron el crimen. <\/b><\/p>\n<\/div>\n<div class=\"max-w-screen-md prose prose-lg mx-auto mb-5\">\n<p data-type=\"text\">\u201cUsted tambi\u00e9n conoc\u00eda que era parte de un plan criminal, mediante un acuerdo com\u00fan y divisi\u00f3n de trabajo, cuya labor consisti\u00f3 en transportarse junto con la persona que accion\u00f3 el arma, mantenerse en el lugar de los hechos para asegurar que se adelantara este atentado contra la vida de la v\u00edctima. Particip\u00f3 tambi\u00e9n en las llamadas grupales en las que se coordin\u00f3 en tiempo real la ejecuci\u00f3n de este homicidio y, por \u00faltimo, encontrarse con el sujeto que accion\u00f3 el arma en el punto espec\u00edfico en el que arrib\u00f3 luego de cometer estos hechos, con la finalidad de sacarlo de ese lugar para que no fuera descubierto por las autoridades\u201d, advirti\u00f3 la Fiscal.<\/p>\n<\/div>\n<div class=\"-mx-5 mb-5 lg:mx-0\" data-type=\"image\">El asesinato se perpetr\u00f3 a plena luz del d\u00eda. | Foto: Suministrada a Semana A.P.I.<\/div>\n<div class=\"max-w-screen-md prose prose-lg mx-auto mb-5\">\n<p data-type=\"text\">Lo m\u00e1s importante de esta nueva captura es que Pach\u00f3n ser\u00eda el eslab\u00f3n entre los autores materiales o los sicarios y quien o quienes ordenaron la muerte del prestigioso auditor y sus motivos. <b>Seg\u00fan las indagaciones de la Fiscal\u00eda, hay varias hip\u00f3tesis, una de ellas es la turbulenta y compleja relaci\u00f3n con la familia del due\u00f1o de una empresa arrocera y Hern\u00e1n Franco. <\/b><\/p>\n<\/div>\n<div class=\"max-w-screen-md prose prose-lg mx-auto mb-5\">\n<p data-type=\"text\">Cuando el empresario fundador de la arrocera falleci\u00f3, algunos de sus herederos le apostaron a dividir y controlar, pero algo sali\u00f3 mal y en la mitad qued\u00f3 Franco. Adem\u00e1s, apareci\u00f3 en la escena un nuevo accionista, un hombre oriundo de la ciudad de Pasto, quien logr\u00f3 comprar el 40 por ciento de las acciones de la empresa. Pero hay otras hip\u00f3tesis que incluso podr\u00edan ser corroboradas por Pach\u00f3n.<\/p>\n<\/div>\n<div class=\"max-w-screen-md prose prose-lg mx-auto mb-5\">\n<div class=\"not-prose relative my-2\" data-mrf-recirculation=\"Inline Recommender\">\n<div class=\"relative flex items-center border-b border-t border-smoke-300 bg-smoke-100 p-2.5 md:py-4\">\n<div class=\"flex-none\">\n<div class=\"mr-5 h-16 w-16 overflow-hidden rounded\"><img decoding=\"async\" class=\"m-0 h-full w-full object-cover\" src=\"https:\/\/www.semana.com\/resizer\/v2\/FWRBZZBYOBAMPN2MDQ4GFE2F5E.jpg?auth=38831d0d9f10ebf9227625d2965b5eddfe885aefc4efa5de46b10c870e5012c6&amp;smart=true&amp;quality=50&amp;width=300\" alt=\"   El auditor Hern\u00e1n Franco fue asesinado el 21 de febrero en una acci\u00f3n sicarial que sorprendi\u00f3 porque se dio en el Parque de la 93, una de las zonas m\u00e1s exclusivas y vigiladas de Bogot\u00e1.\" \/><\/div>\n<\/div>\n<div class=\"flex-1 text-base font-bold text-black\"><b class=\"text-primary\">Contexto: <\/b>Exclusivo: SEMANA revela cu\u00e1les fueron las \u00faltimas palabras de Hern\u00e1n Franco, asesinado en la 93. El auditor dijo qui\u00e9n lo mat\u00f3<\/div>\n<\/div>\n<\/div>\n<\/div>\n<div class=\"max-w-screen-md prose prose-lg mx-auto mb-5\">\n<p data-type=\"text\">Tal como hab\u00eda revelado SEMANA, un hombre cercano a Franco, que estuvo tanto en la cl\u00ednica como en su velorio \u201cse le notaba nervioso\u201d, no solo era cercano a \u00e9l, sino que result\u00f3 siendo su socio, en una p\u00e1gina web de contenido pornogr\u00e1fico, a la que le habr\u00edan invertido cerca de 2.000 millones de pesos.<\/p>\n<\/div>\n<div class=\"-mx-5 mb-5 lg:mx-0\" data-type=\"image\">\n<div class=\"px-5 lg:px-0\">En el seguimiento y an\u00e1lisis de todas las c\u00e1maras del sector fue detectado Pablo Andr\u00e9s Pach\u00f3n, quien, seg\u00fan la Fiscal\u00eda, ser\u00eda el encargado de la coordinaci\u00f3n del crimen. | Foto: CORTESIA<\/div>\n<\/div>\n<div class=\"max-w-screen-md prose prose-lg mx-auto mb-5\">\n<p data-type=\"text\">\u201c\u00c9l (sospechoso) tiene una empresa de sistemas y estaban desarrollando un sitio web para citas, un proyecto donde estaba el doctor Franco\u201d, dijo un testigo que adem\u00e1s entreg\u00f3 un libro con las pruebas que soportan las millonarias inversiones de Franco en el proyecto.<\/p>\n<\/div>\n<div class=\"max-w-screen-md prose prose-lg mx-auto mb-5\">\n<p data-type=\"text\">El negocio, aparentemente, los dividi\u00f3 y Hern\u00e1n Franco le propuso a su socio la venta de un apartamento en Santa Marta como parte de pago por una millonaria deuda para continuar con el sitio web para adultos, que seg\u00fan los testigos estaba avaluado en m\u00e1s de un mill\u00f3n de d\u00f3lares.<\/p>\n<\/div>\n<div class=\"max-w-screen-md prose prose-lg mx-auto mb-5\">\n<div class=\"not-prose relative my-2\" data-mrf-recirculation=\"Inline Recommender\">\n<div class=\"relative flex items-center border-b border-t border-smoke-300 bg-smoke-100 p-2.5 md:py-4\">\n<div class=\"flex-none\">\n<div class=\"mr-5 h-16 w-16 overflow-hidden rounded\"><img decoding=\"async\" class=\"m-0 h-full w-full object-cover\" src=\"https:\/\/www.semana.com\/resizer\/v2\/S4EPPD436VBJLL66UHTGQWPIHU.jpg?auth=19415c97fab6b61ae51e122aa9b3832ddc64cba4c98efda7df5ac842336f9bee&amp;smart=true&amp;quality=50&amp;width=300\" alt=\"Hern\u00e1n Roberto Franco \nEmpresario asesinado en la 93\" \/><\/div>\n<\/div>\n<div class=\"flex-1 text-base font-bold text-black\"><b class=\"text-primary\">Contexto: <\/b>90 d\u00edas para morir. Hern\u00e1n Franco, asesinado cerca al parque de la 93, hab\u00eda anunciado la fecha de su muerte y as\u00ed ocurri\u00f3<\/div>\n<\/div>\n<\/div>\n<\/div>\n<div class=\"max-w-screen-md prose prose-lg mx-auto mb-5\">\n<p data-type=\"text\">Este hombre fue la \u00faltima persona que habl\u00f3 con Franco antes que el sicario ingresara por el parqueadero y le disparara. Fue una llamada que dur\u00f3 m\u00e1s de 30 minutos, llena de gritos, que solo terminaron cuando los tres disparos acabaron con la vida del auditor.<\/p>\n<\/div>\n<div class=\"max-w-screen-md prose prose-lg mx-auto mb-5\">\n<p data-type=\"text\"><a href=\"https:\/\/www.semana.com\/nacion\/articulo\/crimen-en-la-93-quien-es-jonathan-romero-el-hombre-al-que-hernan-franco-agonizante-senalo-como-su-asesino-peligro-negocios-y-web-porno\/202415\/\" target=\"_blank\" rel=\"noopener\">Tambi\u00e9n en el radar de los investigadores est\u00e1 Jonathan Romero, el mismo que fue citado por la Fiscal\u00eda a una diligencia de declaraci\u00f3n.<\/a> Romero es hijo del fallecido due\u00f1o de El Arrozal, la empresa que se fractur\u00f3 mientras la docena de herederos se disputaban el control y manejo de las acciones que finalmente terminaron, en un considerable porcentaje, en manos de un tercero.<\/p>\n<\/div>\n<div class=\"-mx-5 mb-5 lg:mx-0\" data-type=\"image\">El nuevo implicado, Pablo Andr\u00e9s Pach\u00f3n, fue imputado por los delitos de homicidio agravado, porte ilegal de armas, pero no fue aceptado. | Foto: Suministrada a Semana A.P.I.<\/div>\n<div class=\"max-w-screen-md prose prose-lg mx-auto mb-5\">\n<p data-type=\"text\">El nuevo implicado, Pablo Andr\u00e9s Pach\u00f3n, fue imputado por los delitos de homicidio agravado, porte ilegal de armas, pero no fue aceptado. La audiencia fue aplazada, pero est\u00e1 pendiente la solicitud de dictar medida de aseguramiento en centro penitenciario.<\/p>\n<p data-type=\"text\"><a href=\"http:\/\/elportalsemanario.com\/wp-content\/uploads\/2024\/11\/IMG_9189.jpeg\"><img loading=\"lazy\" decoding=\"async\" class=\"alignnone size-medium wp-image-14280\" src=\"http:\/\/elportalsemanario.com\/wp-content\/uploads\/2024\/11\/IMG_9189-300x155.jpeg\" alt=\"\" width=\"300\" height=\"155\" srcset=\"https:\/\/elportalsemanario.com\/wp-content\/uploads\/2024\/11\/IMG_9189-300x155.jpeg 300w, https:\/\/elportalsemanario.com\/wp-content\/uploads\/2024\/11\/IMG_9189-768x398.jpeg 768w, https:\/\/elportalsemanario.com\/wp-content\/uploads\/2024\/11\/IMG_9189.jpeg 828w\" sizes=\"(max-width: 300px) 100vw, 300px\" \/><\/a><\/p>\n<\/div>\n<\/div>\n<\/div>\n<div><\/div>\n<\/div>\n<\/div>\n<\/div>\n","protected":false},"excerpt":{"rendered":"<p>Las autoridades capturaron a Pablo Andr\u00e9s Pach\u00f3n, quien habr\u00eda sido el encargado de coordinar el crimen del auditor Hern\u00e1n Franco. Estuvo presente, de inc\u00f3gnito, en el Parque de la 93, el d\u00eda de los hechos. El pa\u00eds qued\u00f3 sorprendido con el asesinato a sangre fr\u00eda del auditor Hern\u00e1n Franco, justo en el edificio donde funcionaba&#8230;<\/p>\n","protected":false},"author":4,"featured_media":14277,"comment_status":"closed","ping_status":"closed","sticky":false,"template":"","format":"standard","meta":{"_monsterinsights_skip_tracking":false,"_monsterinsights_sitenote_active":false,"_monsterinsights_sitenote_note":"","_monsterinsights_sitenote_category":0,"footnotes":""},"categories":[925],"tags":[],"_links":{"self":[{"href":"https:\/\/elportalsemanario.com\/index.php?rest_route=\/wp\/v2\/posts\/14276"}],"collection":[{"href":"https:\/\/elportalsemanario.com\/index.php?rest_route=\/wp\/v2\/posts"}],"about":[{"href":"https:\/\/elportalsemanario.com\/index.php?rest_route=\/wp\/v2\/types\/post"}],"author":[{"embeddable":true,"href":"https:\/\/elportalsemanario.com\/index.php?rest_route=\/wp\/v2\/users\/4"}],"replies":[{"embeddable":true,"href":"https:\/\/elportalsemanario.com\/index.php?rest_route=%2Fwp%2Fv2%2Fcomments&post=14276"}],"version-history":[{"count":1,"href":"https:\/\/elportalsemanario.com\/index.php?rest_route=\/wp\/v2\/posts\/14276\/revisions"}],"predecessor-version":[{"id":14282,"href":"https:\/\/elportalsemanario.com\/index.php?rest_route=\/wp\/v2\/posts\/14276\/revisions\/14282"}],"wp:featuredmedia":[{"embeddable":true,"href":"https:\/\/elportalsemanario.com\/index.php?rest_route=\/wp\/v2\/media\/14277"}],"wp:attachment":[{"href":"https:\/\/elportalsemanario.com\/index.php?rest_route=%2Fwp%2Fv2%2Fmedia&parent=14276"}],"wp:term":[{"taxonomy":"category","embeddable":true,"href":"https:\/\/elportalsemanario.com\/index.php?rest_route=%2Fwp%2Fv2%2Fcategories&post=14276"},{"taxonomy":"post_tag","embeddable":true,"href":"https:\/\/elportalsemanario.com\/index.php?rest_route=%2Fwp%2Fv2%2Ftags&post=14276"}],"curies":[{"name":"wp","href":"https:\/\/api.w.org\/{rel}","templated":true}]}}