{"id":14959,"date":"2025-07-14T08:41:34","date_gmt":"2025-07-14T13:41:34","guid":{"rendered":"https:\/\/elportalsemanario.com\/?p=14959"},"modified":"2025-07-14T08:41:34","modified_gmt":"2025-07-14T13:41:34","slug":"fundacion-santa-fe-revela-nuevo-parte-medico-de-miguel-uribe-el-congresista-ha-mostrado-una-respuesta-clinica-favorable","status":"publish","type":"post","link":"https:\/\/elportalsemanario.com\/?p=14959","title":{"rendered":"Fundaci\u00f3n Santa Fe revela nuevo parte m\u00e9dico de Miguel Uribe: el congresista ha mostrado \u201cuna respuesta cl\u00ednica favorable\u201d"},"content":{"rendered":"<p>Desde el 7 de junio de 2025, el senador y precandidato presidencial del Centro Democr\u00e1tico est\u00e1 internado en una unidad de Cuidados Intensivos en la cl\u00ednica de la capital colombiana<\/p>\n<p class=\"paragraph\">En la ma\u00f1ana del lunes 14 de julio de 2025, la Fundaci\u00f3n Santa Fe, de Bogot\u00e1, emiti\u00f3 un nuevo comunicado sobre el estado de salud del senador y precandidato presidencial Miguel Uribe Turbay, tras sufrir un ataque sicarial el s\u00e1bado 7 de junio durante un acto p\u00fablico en el barrio Modelia, occidente de Bogot\u00e1.<\/p>\n<p class=\"paragraph\">En el documento, el centro m\u00e9dico inform\u00f3 que el congresista de oposici\u00f3n ha mostrado signos de recuperaci\u00f3n, tras los procedimientos realizados por el personal m\u00e9dico, pero que su pron\u00f3stico se mantiene reservado.<\/p>\n<p>Durante los \u00faltimos d\u00edas,<b> el paciente ha mostrado una respuesta cl\u00ednica favorable y estable, evidenciada tanto en las recientes im\u00e1genes diagn\u00f3sticas realizadas (resonancia magn\u00e9tica, tomograf\u00eda, Doppler, entre otras), como en su respuesta a las intervenciones quir\u00fargicas y m\u00e9dicas<\/b>. En este contexto, y como parte del proceso integral de atenci\u00f3n, se inici\u00f3 el protocolo de neurorehabilitaci\u00f3n\u201d, se lee en el documento.<br \/>\n<a href=\"http:\/\/elportalsemanario.com\/wp-content\/uploads\/2025\/07\/IMG_3803.jpeg\"><img loading=\"lazy\" decoding=\"async\" class=\"alignnone size-medium wp-image-14961\" src=\"http:\/\/elportalsemanario.com\/wp-content\/uploads\/2025\/07\/IMG_3803-200x300.jpeg\" alt=\"\" width=\"200\" height=\"300\" srcset=\"https:\/\/elportalsemanario.com\/wp-content\/uploads\/2025\/07\/IMG_3803-200x300.jpeg 200w, https:\/\/elportalsemanario.com\/wp-content\/uploads\/2025\/07\/IMG_3803-683x1024.jpeg 683w, https:\/\/elportalsemanario.com\/wp-content\/uploads\/2025\/07\/IMG_3803-768x1151.jpeg 768w, https:\/\/elportalsemanario.com\/wp-content\/uploads\/2025\/07\/IMG_3803-400x600.jpeg 400w, https:\/\/elportalsemanario.com\/wp-content\/uploads\/2025\/07\/IMG_3803.jpeg 992w\" sizes=\"(max-width: 200px) 100vw, 200px\" \/><\/a><\/p>\n<p class=\"paragraph\">Igualmente, la fundaci\u00f3n precis\u00f3 que el senador del Centro Democr\u00e1tico \u201c<b>requiere continuar su manejo en la Unidad de Cuidados Intensivos, con soporte ventilatorio mec\u00e1nico y bajo sedaci\u00f3n<\/b>, al igual que con monitoreo hemodin\u00e1mico y neurol\u00f3gico para la detecci\u00f3n temprana de cualquier cambio\u201d.<\/p>\n<p class=\"paragraph\">Por \u00faltimo, el centro hospitalario reiter\u00f3 que estar\u00e1n emitiendo cualquier novedad sobre el estado de salud del parlamentario colombiano.<\/p>\n<p class=\"paragraph\">\u201c<b>Cabe se\u00f1alar que su pron\u00f3stico neurol\u00f3gico se mantiene reservado. Los siguientes comunicados sobre su estado de salud se emitir\u00e1n seg\u00fan la relevancia de la evoluci\u00f3n cl\u00ednica<\/b>\u201d, concluyeron en el comunicado firmado por el doctor Adolfo Llin\u00e1s, director m\u00e9dico de la Fundaci\u00f3n Santa Fe de Bogot\u00e1.<\/p>\n<p class=\"paragraph\">En el anterior reporte m\u00e9dico del senador Miguel Uribe, emitido el 3 de julio de 2025, el centrohospitalario hab\u00eda mencionado que Miguel Uribe Turbay fue sometido a un procedimiento quir\u00fargico.<\/p>\n<p class=\"paragraph\">\u201cPresenta estabilidad en sus condiciones hemodin\u00e1micas, <b>con soporte ventilatorio mec\u00e1nico permanente, bajo sedaci\u00f3n y relajaci\u00f3n neuromuscular<\/b>, seg\u00fan lo indicado por su condici\u00f3n cl\u00ednica\u201d, se mencionaba en dicho comunicado.<\/p>\n<p class=\"paragraph\">En que consiste el protocolo de neurorehabilitaci\u00f3n<\/p>\n<p class=\"paragraph\">De acuerdo con el portal especializado Mayo Clinic, la neurorrehabilitaci\u00f3n se consolida como una herramienta esencial para mejorar la autonom\u00eda y funcionalidad de los pacientes, combinando atenci\u00f3n integral e individualizada con la incorporaci\u00f3n de innovaciones tecnol\u00f3gicas.<\/p>\n<p class=\"paragraph\">Dicho protocolo se distingue de los m\u00e9todos convencionales por su fundamento en los principios de las neurociencias y su \u00e9nfasis en la recuperaci\u00f3n funcional y la reintegraci\u00f3n social.<\/p>\n<p class=\"paragraph\">Este enfoque terap\u00e9utico reconoce la importancia de adaptar cada intervenci\u00f3n a las necesidades espec\u00edficas de cada persona, priorizando la atenci\u00f3n personalizada.<\/p>\n<p class=\"paragraph\">El modelo biopsicosocial que sustenta la neurorrehabilitaci\u00f3n integra factores biol\u00f3gicos, psicol\u00f3gicos y sociales, lo que permite abordar de manera global las consecuencias del da\u00f1o neurol\u00f3gico.<\/p>\n<p class=\"paragraph\">En declaraciones a Caracol Radio, el neur\u00f3logo Remberto Burgos enfatiz\u00f3 en que este procedimiento puede tener una duraci\u00f3n de varios meses y a\u00f1os, dependiendo la condici\u00f3n cl\u00ednica del paciente.<\/p>\n<p class=\"paragraph\">Seg\u00fan el portal especializado, el proceso comienza tan pronto como el paciente est\u00e9 cl\u00ednicamente estable, idealmente durante la fase aguda tras un ictus o traumatismo craneoencef\u00e1lico, evitando demoras que puedan provocar complicaciones por inmovilidad.<\/p>\n<p class=\"paragraph\">Adem\u00e1s, la integraci\u00f3n de tecnolog\u00eda ha transformado la neurorrehabilitaci\u00f3n. El uso de dispositivos rob\u00f3ticos y software de biofeedback permite realizar valoraciones e intervenciones con mayor precisi\u00f3n y objetividad. Estas herramientas tecnol\u00f3gicas facilitan la monitorizaci\u00f3n del progreso y la adaptaci\u00f3n de los tratamientos, optimizando los resultados en la recuperaci\u00f3n funcional.<\/p>\n","protected":false},"excerpt":{"rendered":"<p>Desde el 7 de junio de 2025, el senador y precandidato presidencial del Centro Democr\u00e1tico est\u00e1 internado en una unidad de Cuidados Intensivos en la cl\u00ednica de la capital colombiana En la ma\u00f1ana del lunes 14 de julio de 2025, la Fundaci\u00f3n Santa Fe, de Bogot\u00e1, emiti\u00f3 un nuevo comunicado sobre el estado de salud&#8230;<\/p>\n","protected":false},"author":4,"featured_media":14960,"comment_status":"closed","ping_status":"closed","sticky":false,"template":"","format":"standard","meta":{"_monsterinsights_skip_tracking":false,"_monsterinsights_sitenote_active":false,"_monsterinsights_sitenote_note":"","_monsterinsights_sitenote_category":0,"footnotes":""},"categories":[925,28],"tags":[],"_links":{"self":[{"href":"https:\/\/elportalsemanario.com\/index.php?rest_route=\/wp\/v2\/posts\/14959"}],"collection":[{"href":"https:\/\/elportalsemanario.com\/index.php?rest_route=\/wp\/v2\/posts"}],"about":[{"href":"https:\/\/elportalsemanario.com\/index.php?rest_route=\/wp\/v2\/types\/post"}],"author":[{"embeddable":true,"href":"https:\/\/elportalsemanario.com\/index.php?rest_route=\/wp\/v2\/users\/4"}],"replies":[{"embeddable":true,"href":"https:\/\/elportalsemanario.com\/index.php?rest_route=%2Fwp%2Fv2%2Fcomments&post=14959"}],"version-history":[{"count":1,"href":"https:\/\/elportalsemanario.com\/index.php?rest_route=\/wp\/v2\/posts\/14959\/revisions"}],"predecessor-version":[{"id":14962,"href":"https:\/\/elportalsemanario.com\/index.php?rest_route=\/wp\/v2\/posts\/14959\/revisions\/14962"}],"wp:featuredmedia":[{"embeddable":true,"href":"https:\/\/elportalsemanario.com\/index.php?rest_route=\/wp\/v2\/media\/14960"}],"wp:attachment":[{"href":"https:\/\/elportalsemanario.com\/index.php?rest_route=%2Fwp%2Fv2%2Fmedia&parent=14959"}],"wp:term":[{"taxonomy":"category","embeddable":true,"href":"https:\/\/elportalsemanario.com\/index.php?rest_route=%2Fwp%2Fv2%2Fcategories&post=14959"},{"taxonomy":"post_tag","embeddable":true,"href":"https:\/\/elportalsemanario.com\/index.php?rest_route=%2Fwp%2Fv2%2Ftags&post=14959"}],"curies":[{"name":"wp","href":"https:\/\/api.w.org\/{rel}","templated":true}]}}