{"id":15863,"date":"2026-04-27T10:35:38","date_gmt":"2026-04-27T15:35:38","guid":{"rendered":"https:\/\/elportalsemanario.com\/?p=15863"},"modified":"2026-04-27T10:35:38","modified_gmt":"2026-04-27T15:35:38","slug":"walfrando-forero-bejarano-un-alcalde-para-la-historia-de-tocancipa","status":"publish","type":"post","link":"https:\/\/elportalsemanario.com\/?p=15863","title":{"rendered":"Walfrando Forero Bejarano, un alcalde para la historia de Tocancip\u00e1"},"content":{"rendered":"<p>Un modelo de gesti\u00f3n para los municipios de Colombia.<\/p>\n<p><a href=\"http:\/\/elportalsemanario.com\/wp-content\/uploads\/2026\/04\/20260427_095338.jpg\"><img loading=\"lazy\" decoding=\"async\" class=\"alignnone size-medium wp-image-15864\" src=\"http:\/\/elportalsemanario.com\/wp-content\/uploads\/2026\/04\/20260427_095338-276x300.jpg\" alt=\"\" width=\"276\" height=\"300\" srcset=\"https:\/\/elportalsemanario.com\/wp-content\/uploads\/2026\/04\/20260427_095338-276x300.jpg 276w, https:\/\/elportalsemanario.com\/wp-content\/uploads\/2026\/04\/20260427_095338-942x1024.jpg 942w, https:\/\/elportalsemanario.com\/wp-content\/uploads\/2026\/04\/20260427_095338-768x835.jpg 768w, https:\/\/elportalsemanario.com\/wp-content\/uploads\/2026\/04\/20260427_095338.jpg 1108w\" sizes=\"(max-width: 276px) 100vw, 276px\" \/><\/a><\/p>\n<p>Walfrando Forero Bejarano se perfila como un alcalde para la historia de Tocancip\u00e1. En su tercera administraci\u00f3n, su nombre y su trabajo en esta \u00faltima oportunidad quedar\u00e1n registrados no solo en la memoria del municipio, sino tambi\u00e9n como referente a nivel nacional.<\/p>\n<p>Su gesti\u00f3n se proyecta como un modelo a seguir para los 1.102 municipios de Colombia. Su dedicaci\u00f3n ha sido tal que, seg\u00fan sus allegados, ha sacrificado horas de descanso para trabajar por su tierra natal y convertir a su regi\u00f3n en una ciudad modelo para el pa\u00eds.<\/p>\n<p><a href=\"http:\/\/elportalsemanario.com\/wp-content\/uploads\/2026\/04\/20260427_101147.jpg\"><img loading=\"lazy\" decoding=\"async\" class=\"alignnone size-medium wp-image-15865\" src=\"http:\/\/elportalsemanario.com\/wp-content\/uploads\/2026\/04\/20260427_101147-300x139.jpg\" alt=\"\" width=\"300\" height=\"139\" srcset=\"https:\/\/elportalsemanario.com\/wp-content\/uploads\/2026\/04\/20260427_101147-300x139.jpg 300w, https:\/\/elportalsemanario.com\/wp-content\/uploads\/2026\/04\/20260427_101147.jpg 684w\" sizes=\"(max-width: 300px) 100vw, 300px\" \/><\/a><\/p>\n<p>Pocos imaginan el nivel de compromiso de este burgomaestre. En m\u00faltiples ocasiones trabaja sin descanso, enfocado en mejorar las condiciones de vida de sus habitantes: desde el desarrollo vial, hasta la atenci\u00f3n de adultos mayores, ni\u00f1os y estudiantes en condici\u00f3n de vulnerabilidad. Asimismo, ha impulsado el orden p\u00fablico con el objetivo de generar confianza en inversionistas y fortalecer el turismo nacional.<\/p>\n<p>Este administrador de los recursos p\u00fablicos lidera una ciudad que tambi\u00e9n es reconocida por haber visto surgir al piloto colombiano Juan Pablo Montoya, desde las pistas del aut\u00f3dromo de Tocancip\u00e1. Hoy, el municipio busca consolidarse como un modelo de desarrollo para el pa\u00eds, incluso como referente para gobernadores y mandatarios locales.<\/p>\n<p><a href=\"http:\/\/elportalsemanario.com\/wp-content\/uploads\/2026\/04\/20260427_101253.jpg\"><img loading=\"lazy\" decoding=\"async\" class=\"alignnone size-medium wp-image-15866\" src=\"http:\/\/elportalsemanario.com\/wp-content\/uploads\/2026\/04\/20260427_101253-241x300.jpg\" alt=\"\" width=\"241\" height=\"300\" srcset=\"https:\/\/elportalsemanario.com\/wp-content\/uploads\/2026\/04\/20260427_101253-241x300.jpg 241w, https:\/\/elportalsemanario.com\/wp-content\/uploads\/2026\/04\/20260427_101253.jpg 532w\" sizes=\"(max-width: 241px) 100vw, 241px\" \/><\/a><\/p>\n<p>Aunque ser\u00eda extenso detallar todas las acciones de su administraci\u00f3n, algunos hechos recientes reflejan su gesti\u00f3n. Durante la Semana Santa, por ejemplo, se entregaron m\u00e1s de 15 toneladas de pescado a la comunidad de manera gratuita. Adem\u00e1s, en articulaci\u00f3n con el Ministerio de Relaciones Exteriores, se facilit\u00f3 la documentaci\u00f3n de adultos mayores en condici\u00f3n de discapacidad para la expedici\u00f3n de pasaportes, permiti\u00e9ndoles acceder a experiencias como viajes internacionales, entre ellos a Canc\u00fan, M\u00e9xico.<\/p>\n<p>En materia de infraestructura, se destacan obras como la pavimentaci\u00f3n de v\u00edas que conectan la zona industrial de Tocancip\u00e1 con el Parque Jaime Duque y su continuidad hacia Zipaquir\u00e1, con est\u00e1ndares modernos que buscan mejorar la movilidad regional.<\/p>\n<p>De igual forma, la administraci\u00f3n ha fortalecido el trabajo interinstitucional a trav\u00e9s de sus secretar\u00edas en \u00e1reas como educaci\u00f3n, cultura y salud, con resultados que, seg\u00fan diversos sectores, evidencian altos niveles de eficiencia.<\/p>\n<p>En cuanto a seguridad, recientemente se han implementado estrategias conjuntas con la Polic\u00eda Nacional. Bajo el liderazgo del capit\u00e1n Maicol Bernal, nuevo comandante en el municipio, se han intensificado acciones contra el microtr\u00e1fico y otros delitos, mostrando resultados en corto tiempo.<\/p>\n<p>Todo ello ha llevado a que diversos sectores de la comunidad expresen su reconocimiento a la gesti\u00f3n del alcalde, destacando su compromiso con el desarrollo integral del municipio.<\/p>\n<p>Sin duda, la experiencia de Tocancip\u00e1 deja una reflexi\u00f3n para otros mandatarios del pa\u00eds: la importancia de una administraci\u00f3n enfocada en el bienestar social, la inversi\u00f3n p\u00fablica eficiente y la construcci\u00f3n de territorios seguros y pr\u00f3speros.<\/p>\n<p>Luis Eduardo Torres Mantilla<\/p>\n<p>Director editorialista<\/p>\n<ul>\n<li>www.elportalsemanario.com\u2060<\/li>\n<\/ul>\n","protected":false},"excerpt":{"rendered":"<p>Un modelo de gesti\u00f3n para los municipios de Colombia. Walfrando Forero Bejarano se perfila como un alcalde para la historia de Tocancip\u00e1. En su tercera administraci\u00f3n, su nombre y su trabajo en esta \u00faltima oportunidad quedar\u00e1n registrados no solo en la memoria del municipio, sino tambi\u00e9n como referente a nivel nacional. Su gesti\u00f3n se proyecta&#8230;<\/p>\n","protected":false},"author":4,"featured_media":15867,"comment_status":"closed","ping_status":"closed","sticky":false,"template":"","format":"standard","meta":{"_monsterinsights_skip_tracking":false,"_monsterinsights_sitenote_active":false,"_monsterinsights_sitenote_note":"","_monsterinsights_sitenote_category":0,"footnotes":""},"categories":[2580,4570,1,4482,28],"tags":[],"_links":{"self":[{"href":"https:\/\/elportalsemanario.com\/index.php?rest_route=\/wp\/v2\/posts\/15863"}],"collection":[{"href":"https:\/\/elportalsemanario.com\/index.php?rest_route=\/wp\/v2\/posts"}],"about":[{"href":"https:\/\/elportalsemanario.com\/index.php?rest_route=\/wp\/v2\/types\/post"}],"author":[{"embeddable":true,"href":"https:\/\/elportalsemanario.com\/index.php?rest_route=\/wp\/v2\/users\/4"}],"replies":[{"embeddable":true,"href":"https:\/\/elportalsemanario.com\/index.php?rest_route=%2Fwp%2Fv2%2Fcomments&post=15863"}],"version-history":[{"count":1,"href":"https:\/\/elportalsemanario.com\/index.php?rest_route=\/wp\/v2\/posts\/15863\/revisions"}],"predecessor-version":[{"id":15868,"href":"https:\/\/elportalsemanario.com\/index.php?rest_route=\/wp\/v2\/posts\/15863\/revisions\/15868"}],"wp:featuredmedia":[{"embeddable":true,"href":"https:\/\/elportalsemanario.com\/index.php?rest_route=\/wp\/v2\/media\/15867"}],"wp:attachment":[{"href":"https:\/\/elportalsemanario.com\/index.php?rest_route=%2Fwp%2Fv2%2Fmedia&parent=15863"}],"wp:term":[{"taxonomy":"category","embeddable":true,"href":"https:\/\/elportalsemanario.com\/index.php?rest_route=%2Fwp%2Fv2%2Fcategories&post=15863"},{"taxonomy":"post_tag","embeddable":true,"href":"https:\/\/elportalsemanario.com\/index.php?rest_route=%2Fwp%2Fv2%2Ftags&post=15863"}],"curies":[{"name":"wp","href":"https:\/\/api.w.org\/{rel}","templated":true}]}}